{"id":942,"date":"2019-03-25T16:40:27","date_gmt":"2019-03-25T15:40:27","guid":{"rendered":"https:\/\/www.gruene-hoevelhof.de\/cms\/?p=942"},"modified":"2019-03-25T16:40:27","modified_gmt":"2019-03-25T15:40:27","slug":"bettelampel-nein-danke","status":"publish","type":"post","link":"https:\/\/www.gruene-hoevelhof.de\/cms\/bettelampel-nein-danke\/","title":{"rendered":"Bettelampel \u2013 Nein danke!"},"content":{"rendered":"<p>Gr\u00fcne m\u00f6chten Ampelschaltung an H\u00f6velhofer Hauptkreuzung ver\u00e4ndern<\/p>\n<p>Nachdem die H\u00f6velhofer Gr\u00fcnen als erstes Ergebnis ihrer Radinfrastrukturuntersuchung eine Mobilit\u00e4ts-AG gegr\u00fcndet haben und daraufhin die Fraktion einen Antrag f\u00fcr zwei weitere Tempo-30-Zonen vorgelegt hat, folgt nun eine Anfrage, die die Ampelschaltung der Hauptkreuzung betrifft.<br \/>\nAlexander L\u00f6hr, der die AG ins Leben gerufen hat, erkl\u00e4rt: \u201eDie Ampel an der Hauptkreuzung im Ort Alle\/Schlossstra\u00dfe verlangt von Fu\u00dfg\u00e4ngern und Radfahrenden grunds\u00e4tzlich eine Gr\u00fcn-Anforderung. Wenn man also die Anforderung bet\u00e4tigt und der Stra\u00dfenverkehr hat 2 Sekunden vorher Gr\u00fcn erhalten, wartet man 2 Ampelphasen, um endlich queren zu k\u00f6nnen. Das erscheint erstmal unn\u00f6tig und verleitet weiterhin, bei rot zu queren. Es ist daher eine Benachteiligung der schw\u00e4cheren Verkehrsteilnehmer.\u201c<!--more--><\/p>\n<p>Die Gr\u00fcnen m\u00f6chten nun in einer offiziellen Anfrage erfahren, warum die Ampelschaltung nicht grunds\u00e4tzlich \u201eGr\u00fcn\u201c f\u00fcr alle Verkehrsteilnehmenden in die entsprechende Fahrtrichtung vorsieht und welche M\u00f6glichkeiten der Einflussnahme auf die Schaltungsver\u00e4nderung die Gemeinde H\u00f6velhof hat.<br \/>\nJ\u00f6rg Schl\u00fcter, der die Gr\u00fcnen im Bau- uns Umweltausschuss vertritt dazu: \u201eUnser Ziel ist es, mit dieser Anfrage die Verwaltung f\u00fcr das Thema zu sensibilisieren. Es sollte M\u00f6glichkeiten geben diese Bettelampel zu optimieren. Grunds\u00e4tzlich wartet niemand gerne vor einer Ampel. Aber dann auch noch eine zus\u00e4tzliche Phase bei rot zu warten ist \u00e4rgerlich und bei Hitze, Regen und Sturm auch noch besonders unangenehm. Das soll in Zukunft besser werden!\u201c<br \/>\nAlexander L\u00f6hr abschlie\u00dfend: \u201eWir laden gerne weitere Mitb\u00fcrgerinnen und Mitb\u00fcrger ein, in unserer Moblit\u00e4ts-AG mitzuarbeiten. Auch ohne Mitgliedschaft in der Partei sind alle willkommen, um daran zu arbeiten, H\u00f6velhof sicherer, fahrad- und fu\u00dfg\u00e4ngerfreundlicher zu gestalten.\u201c Interessenten k\u00f6nnen sich gerne unter <a href=\"javascript:DeCryptX('2c1m0e2z0a2p0d3h0r1\/2n1p2g3k3u1A1h3u2w0e3q3h1.1i1p2g2x2g0l2j1p3i1\/3g1f')\">&#97;&#108;&#101;x&#97;&#110;&#100;er&#46;&#108;oehr&#64;g&#114;u&#101;&#110;e&#45;&#104;&#111;&#101;&#118;&#101;&#108;&#104;o&#102;.d&#101;<\/a> melden.\u201c<\/p>\n","protected":false},"excerpt":{"rendered":"<p>Gr\u00fcne m\u00f6chten Ampelschaltung an H\u00f6velhofer Hauptkreuzung ver\u00e4ndern Nachdem die H\u00f6velhofer Gr\u00fcnen als erstes Ergebnis ihrer Radinfrastrukturuntersuchung eine Mobilit\u00e4ts-AG gegr\u00fcndet haben und daraufhin die Fraktion einen Antrag f\u00fcr zwei weitere Tempo-30-Zonen&#8230; <\/p>\n","protected":false},"author":3,"featured_media":0,"comment_status":"closed","ping_status":"closed","sticky":false,"template":"","format":"standard","meta":{"footnotes":""},"categories":[1,13,2],"tags":[28,34,53,52],"class_list":["post-942","post","type-post","status-publish","format-standard","hentry","category-allgemein","category-antraege-im-rat","category-pressemitteilungen","tag-anfrage","tag-buergerinnenbeteiligung","tag-radinfrastruktur","tag-radverkehr"],"_links":{"self":[{"href":"https:\/\/www.gruene-hoevelhof.de\/cms\/wp-json\/wp\/v2\/posts\/942","targetHints":{"allow":["GET"]}}],"collection":[{"href":"https:\/\/www.gruene-hoevelhof.de\/cms\/wp-json\/wp\/v2\/posts"}],"about":[{"href":"https:\/\/www.gruene-hoevelhof.de\/cms\/wp-json\/wp\/v2\/types\/post"}],"author":[{"embeddable":true,"href":"https:\/\/www.gruene-hoevelhof.de\/cms\/wp-json\/wp\/v2\/users\/3"}],"replies":[{"embeddable":true,"href":"https:\/\/www.gruene-hoevelhof.de\/cms\/wp-json\/wp\/v2\/comments?post=942"}],"version-history":[{"count":1,"href":"https:\/\/www.gruene-hoevelhof.de\/cms\/wp-json\/wp\/v2\/posts\/942\/revisions"}],"predecessor-version":[{"id":943,"href":"https:\/\/www.gruene-hoevelhof.de\/cms\/wp-json\/wp\/v2\/posts\/942\/revisions\/943"}],"wp:attachment":[{"href":"https:\/\/www.gruene-hoevelhof.de\/cms\/wp-json\/wp\/v2\/media?parent=942"}],"wp:term":[{"taxonomy":"category","embeddable":true,"href":"https:\/\/www.gruene-hoevelhof.de\/cms\/wp-json\/wp\/v2\/categories?post=942"},{"taxonomy":"post_tag","embeddable":true,"href":"https:\/\/www.gruene-hoevelhof.de\/cms\/wp-json\/wp\/v2\/tags?post=942"}],"curies":[{"name":"wp","href":"https:\/\/api.w.org\/{rel}","templated":true}]}}