{"id":733,"date":"2018-04-28T10:02:30","date_gmt":"2018-04-28T08:02:30","guid":{"rendered":"https:\/\/www.gruene-hoevelhof.de\/cms\/?p=733"},"modified":"2018-04-28T10:02:30","modified_gmt":"2018-04-28T08:02:30","slug":"gruene-stellen-sich-vor-heimische-gastronomie","status":"publish","type":"post","link":"https:\/\/www.gruene-hoevelhof.de\/cms\/gruene-stellen-sich-vor-heimische-gastronomie\/","title":{"rendered":"Gr\u00fcne stellen sich vor heimische Gastronomie"},"content":{"rendered":"<p>Wie in den letzten Wochen bekannt wurde, gibt es m\u00f6glicherweise Planungen, das Pfarrheim an der Schlossstra\u00dfe mit einer Gastronomie auszustatten, die Gesellschaften mit bis zu 150 G\u00e4sten bewirten k\u00f6nnte. Heimische Gastwirte und auch der Hotel- und Gastst\u00e4ttenverband sehen diesen Pl\u00e4ne kritisch.<br \/>\nIm Bauausschuss der Gemeinde wurde dann auf Nachfrage deutlich, dass zumindest die Verwaltung dazu wenig bis keine Informationen habe. Allerdings wurde in den vergangenen Haushaltsberatungen bereits der Bau eines 165.000\u20ac teuren Parkplatzes im Schlossgarten beschlossen, von dem einige Parkpl\u00e4tze aufgrund eines angeblichen Konzepts f\u00fcr das Pfarrheim geplant sind.<!--more--><\/p>\n<p>J\u00f6rg Schl\u00fcter, der die Fraktion der Gr\u00fcnen im Bauausschuss vertritt erkl\u00e4rt: \u201eHier laufen gerade drei Sachen gr\u00fcndlich schief: Anscheinend wei\u00df niemand ganz genau, was im Pfarrheim passieren soll, gleichzeitig werden mehrere 10tsd Euro f\u00fcr Parkpl\u00e4tze auf Verdacht ausgegeben und drittens besteht der Verdacht, dass aus Kirchensteuermitteln der heimischen Gastronomie Konkurrenz geschaffen werden soll.\u201c<br \/>\nNach eigenen Angaben sind die Gr\u00fcnen davon \u00fcberzeugt, dass die heimische Gastronomie Konkurrenz nicht zu f\u00fcrchten brauche, jedoch m\u00fcsse diese unter fairen Voraussetzungen stattfinden.<br \/>\n\u201eDie katholische Kirchengemeinde ist gut beraten, ein Konzept zur Nutzung des Pfarrheims zu erarbeiten, dass dem heimischen Gewerbe keinen Schaden zuf\u00fcgt. Und solange es dieses Konzept nicht gibt, sollte der Bau der geplanten Parkpl\u00e4tze h\u00f6chstes vorbereitet, nicht aber finalisiert werden\u201c, fordert Schl\u00fcter. <\/p>\n","protected":false},"excerpt":{"rendered":"<p>Wie in den letzten Wochen bekannt wurde, gibt es m\u00f6glicherweise Planungen, das Pfarrheim an der Schlossstra\u00dfe mit einer Gastronomie auszustatten, die Gesellschaften mit bis zu 150 G\u00e4sten bewirten k\u00f6nnte. Heimische&#8230; <\/p>\n","protected":false},"author":3,"featured_media":576,"comment_status":"closed","ping_status":"closed","sticky":false,"template":"","format":"standard","meta":{"footnotes":""},"categories":[1,2],"tags":[34,25,36,49,48,15,24],"class_list":["post-733","post","type-post","status-publish","format-standard","has-post-thumbnail","hentry","category-allgemein","category-pressemitteilungen","tag-buergerinnenbeteiligung","tag-handel","tag-haushalt","tag-parkplaetze","tag-parkraumkonzept","tag-rat","tag-wirtschaft"],"_links":{"self":[{"href":"https:\/\/www.gruene-hoevelhof.de\/cms\/wp-json\/wp\/v2\/posts\/733","targetHints":{"allow":["GET"]}}],"collection":[{"href":"https:\/\/www.gruene-hoevelhof.de\/cms\/wp-json\/wp\/v2\/posts"}],"about":[{"href":"https:\/\/www.gruene-hoevelhof.de\/cms\/wp-json\/wp\/v2\/types\/post"}],"author":[{"embeddable":true,"href":"https:\/\/www.gruene-hoevelhof.de\/cms\/wp-json\/wp\/v2\/users\/3"}],"replies":[{"embeddable":true,"href":"https:\/\/www.gruene-hoevelhof.de\/cms\/wp-json\/wp\/v2\/comments?post=733"}],"version-history":[{"count":1,"href":"https:\/\/www.gruene-hoevelhof.de\/cms\/wp-json\/wp\/v2\/posts\/733\/revisions"}],"predecessor-version":[{"id":734,"href":"https:\/\/www.gruene-hoevelhof.de\/cms\/wp-json\/wp\/v2\/posts\/733\/revisions\/734"}],"wp:featuredmedia":[{"embeddable":true,"href":"https:\/\/www.gruene-hoevelhof.de\/cms\/wp-json\/wp\/v2\/media\/576"}],"wp:attachment":[{"href":"https:\/\/www.gruene-hoevelhof.de\/cms\/wp-json\/wp\/v2\/media?parent=733"}],"wp:term":[{"taxonomy":"category","embeddable":true,"href":"https:\/\/www.gruene-hoevelhof.de\/cms\/wp-json\/wp\/v2\/categories?post=733"},{"taxonomy":"post_tag","embeddable":true,"href":"https:\/\/www.gruene-hoevelhof.de\/cms\/wp-json\/wp\/v2\/tags?post=733"}],"curies":[{"name":"wp","href":"https:\/\/api.w.org\/{rel}","templated":true}]}}