{"id":618,"date":"2015-06-27T18:16:08","date_gmt":"2015-06-27T16:16:08","guid":{"rendered":"http:\/\/www.gruene-hoevelhof.de\/cms\/?p=618"},"modified":"2015-06-27T18:16:08","modified_gmt":"2015-06-27T16:16:08","slug":"gruene-kritik-an-hoevelhofer-mehrheitsfraktion-der-vorwurf-lautet-politische-arroganz","status":"publish","type":"post","link":"https:\/\/www.gruene-hoevelhof.de\/cms\/gruene-kritik-an-hoevelhofer-mehrheitsfraktion-der-vorwurf-lautet-politische-arroganz\/","title":{"rendered":"Gr\u00fcne Kritik an H\u00f6velhofer Mehrheitsfraktion: Der Vorwurf lautet &#8222;politische Arroganz&#8220;"},"content":{"rendered":"<p>In der Juni-Sitzung des H\u00f6velhofer Gemeinderats ging es auch um die Namensgebung des im Zuge der Ortskernneugestaltung demn\u00e4chst aufgeh\u00fcbschten Platzes im Ampel-Kreuzungsbereich im Zentrum H\u00f6velhofs. Hier legte die CDU einen Vorschlag vor der einen \u00c4nderungsantrag der SPD nach sich zog.<\/p>\n<p>Die CDU erl\u00e4uterte in der Sitzung ihren Antrag, die SPD \u00e4u\u00dferte ihre Kritik am CDU-Vorschlag und stellte ihren Gegenentwurf vor, die Gr\u00fcnen stellten die Vorgehensweise in Frage und forderten eine B\u00fcrgerbeteiligung. <!--more--><\/p>\n<p>F\u00fcr die Gr\u00fcnen erl\u00e4utert J\u00f6rg Schl\u00fcter deren Sicht: &#8222;Das derzeit nach und nach umgesetzte Ortskernkonzept beruht auf einer erfolgreich durchgef\u00fchrten B\u00fcrgerInnenbeteiligung. Diese hatte ergeben, dass genau der Bereich um die Ampelkreuzung als Ortsmittelpunkt angesehen wird. Eine Namensgebung sollte daher nicht von der CDU erfolgen,\u00a0 sondern geh\u00f6rt ebenso wie die Beteiligung an der Gestaltung in B\u00fcrgerInnenhand!&#8220;<br \/>\nF\u00fcr die Gr\u00fcnen ist sicher, dass eine entsprechende B\u00fcrgerInnenbeteiligung kosteng\u00fcnstig durchgef\u00fchrt werden kann und ein breit akzeptiertes Ergebnis bringen werde.<\/p>\n<p>Was danach in der Sitzung passiert, ist f\u00fcr den Ratsherrn der Gr\u00fcnen, J\u00f6rg Schl\u00fcter, unfassbar, wie er in einer Pressemitteilung darstellt: &#8222;Die CDU verweigerte sich jeder Diskussion,\u00a0 erwiderte weder auf die Kritik der SPD, noch auf den Vorschlag der Gr\u00fcnen.&#8220; Ohne weitere Wortmeldung der CDU wurde in der direkt folgenden Abstimmung der CDU-Vorschlag durchgewunken.<br \/>\nSchl\u00fcter dazu: &#8222;Diese Gespr\u00e4chsverweigerungshaltung der CDU f\u00fchrt eine politische Diskussionskultur ad absurdum. Ich nenne das politische Arroganz auf der ganzen Linie! Arroganz, die dazu f\u00fchrt,\u00a0 die Ratsmehrheit auch ohne Sachargumente zur egoistischen Zielerreichung zu missbrauchen und die Arroganz, zu glauben, die Meinung der B\u00fcrgerInnen auszuschlie\u00dfen zu d\u00fcrfen.\u00a0 Die W\u00e4hlerInnen werden sich das sicherlich merken!&#8220;<\/p>\n","protected":false},"excerpt":{"rendered":"<p>In der Juni-Sitzung des H\u00f6velhofer Gemeinderats ging es auch um die Namensgebung des im Zuge der Ortskernneugestaltung demn\u00e4chst aufgeh\u00fcbschten Platzes im Ampel-Kreuzungsbereich im Zentrum H\u00f6velhofs. Hier legte die CDU einen&#8230; <\/p>\n","protected":false},"author":3,"featured_media":0,"comment_status":"closed","ping_status":"closed","sticky":false,"template":"","format":"standard","meta":{"footnotes":""},"categories":[1,13,2],"tags":[17,34,15],"class_list":["post-618","post","type-post","status-publish","format-standard","hentry","category-allgemein","category-antraege-im-rat","category-pressemitteilungen","tag-antrag","tag-buergerinnenbeteiligung","tag-rat"],"_links":{"self":[{"href":"https:\/\/www.gruene-hoevelhof.de\/cms\/wp-json\/wp\/v2\/posts\/618","targetHints":{"allow":["GET"]}}],"collection":[{"href":"https:\/\/www.gruene-hoevelhof.de\/cms\/wp-json\/wp\/v2\/posts"}],"about":[{"href":"https:\/\/www.gruene-hoevelhof.de\/cms\/wp-json\/wp\/v2\/types\/post"}],"author":[{"embeddable":true,"href":"https:\/\/www.gruene-hoevelhof.de\/cms\/wp-json\/wp\/v2\/users\/3"}],"replies":[{"embeddable":true,"href":"https:\/\/www.gruene-hoevelhof.de\/cms\/wp-json\/wp\/v2\/comments?post=618"}],"version-history":[{"count":1,"href":"https:\/\/www.gruene-hoevelhof.de\/cms\/wp-json\/wp\/v2\/posts\/618\/revisions"}],"predecessor-version":[{"id":619,"href":"https:\/\/www.gruene-hoevelhof.de\/cms\/wp-json\/wp\/v2\/posts\/618\/revisions\/619"}],"wp:attachment":[{"href":"https:\/\/www.gruene-hoevelhof.de\/cms\/wp-json\/wp\/v2\/media?parent=618"}],"wp:term":[{"taxonomy":"category","embeddable":true,"href":"https:\/\/www.gruene-hoevelhof.de\/cms\/wp-json\/wp\/v2\/categories?post=618"},{"taxonomy":"post_tag","embeddable":true,"href":"https:\/\/www.gruene-hoevelhof.de\/cms\/wp-json\/wp\/v2\/tags?post=618"}],"curies":[{"name":"wp","href":"https:\/\/api.w.org\/{rel}","templated":true}]}}