{"id":207,"date":"2014-04-03T15:32:06","date_gmt":"2014-04-03T13:32:06","guid":{"rendered":"http:\/\/www.gruene-hoevelhof.de\/cms\/?p=207"},"modified":"2014-04-03T15:32:06","modified_gmt":"2014-04-03T13:32:06","slug":"pressemitteilung-internetbasierter-mitmachwahlkampf","status":"publish","type":"post","link":"https:\/\/www.gruene-hoevelhof.de\/cms\/pressemitteilung-internetbasierter-mitmachwahlkampf\/","title":{"rendered":"Pressemitteilung &#8222;internetbasierter Mitmachwahlkampf&#8220;"},"content":{"rendered":"<p><strong>Mitmachwahlkampf der H\u00f6velhofer Gr\u00fcnen<\/strong><br \/>\n<strong> H\u00f6velhofer Gr\u00fcne werden einen internetbasierten Kommunalwahlkampf f\u00fchren<\/strong><\/p>\n<p>Die Gr\u00fcnen aus H\u00f6velhof setzen verst\u00e4rkt auf die digitalen Medien und soziale Netzwerke. Auf der Homepage finden Interessierte sowohl Informationen als auch Materialien zum Download.<br \/>\n&#8222;Wer mag, kann hier unsere Flyer laden oder ausdrucken und somit selbst unter den Freundinnen und Freunden verteilen. Ein Wahlkampf, der zum Mitmachen einl\u00e4dt&#8220;, so Marcus Praschan, Vorsitzender der Gr\u00fcnen in H\u00f6velhof.<br \/>\nMitmachen ist durchaus ein pr\u00e4gendes Element des gr\u00fcnen Wahlkampfes. Auf der Homepage der H\u00f6velhofer Gr\u00fcnen findet sich ab sofort ein Programmentwurf zur Kommunalwahl. Alle B\u00fcrgerinnen und B\u00fcrger sind eingeladen diesen mit zu gestalten.<br \/>\n&#8222;Wir sind sicher, dass die guten Ideen in der Mitte unserer Gesellschaft zu finden sind. Sowohl die Ideengeberinnen und Ideengeber als auch die Ideen selbst sind uns willkommen! \u00a0Wir m\u00f6chten gerne mit Ihnen arbeiten&#8220;, meint J\u00f6rg Schl\u00fcter, Spitzenkandidat der H\u00f6velhofer Gr\u00fcnen. &#8222;Vorschl\u00e4ge zum Programm k\u00f6nnen uns per Mail mitgeteilt werden oder nat\u00fcrlich auch bei unseren regelm\u00e4\u00dfigen Treffen im Hotel Victoria. Einen entsprechenden Terminkalender findet sich auf unserer Internetseite unter <a href=\"http:\/\/www.gruene-hoevelhof.de\" target=\"_blank\">www.gruene-hoevelhof.de<\/a>&#8222;.<br \/>\nEs gibt aber noch eine weitere M\u00f6glichkeit mit den Gr\u00fcnen Kontakt aufzunehmen. \u00a0Sie haben eine telefonische Hotline eingerichtet. \u00a0Marcus Praschan: &#8222;Ab sofort ist unter der Rufnummer 0151 18943840 \u00a0t\u00e4glich zwischen 17 und 19 Uhr einE H\u00f6velhofer Gr\u00fcnEr erreichbar, steht f\u00fcr Fragen zur Verf\u00fcgung und nimmt Anregungen entgegen. Ein politisches Angebot, \u00a0das wohl einmalig in H\u00f6velhof ist.&#8220;<br \/>\nZus\u00e4tzlich sind die H\u00f6velhofer Gr\u00fcnen nat\u00fcrlich auf Facebook vertreten. &#8222;Da es jedoch viele Mitb\u00fcrgerinnen und Mitb\u00fcrger gibt, die nicht bei Facebook angemeldet sind, haben wir unsere Facebook-Seite auch in unsere Homepage eingebunden, \u00a0sichtbar f\u00fcr alle unter <a href=\"http:\/\/www.gruene-hoevelhof.de\" target=\"_blank\">www.gruene-hoevelhof.de<\/a>,&#8220; erl\u00e4utert J\u00f6rg Schl\u00fcter abschlie\u00dfend.<\/p>\n","protected":false},"excerpt":{"rendered":"<p>Mitmachwahlkampf der H\u00f6velhofer Gr\u00fcnen H\u00f6velhofer Gr\u00fcne werden einen internetbasierten Kommunalwahlkampf f\u00fchren Die Gr\u00fcnen aus H\u00f6velhof setzen verst\u00e4rkt auf die digitalen Medien und soziale Netzwerke. Auf der Homepage finden Interessierte sowohl&#8230; <\/p>\n","protected":false},"author":4,"featured_media":0,"comment_status":"closed","ping_status":"closed","sticky":false,"template":"","format":"standard","meta":{"footnotes":""},"categories":[1],"tags":[],"class_list":["post-207","post","type-post","status-publish","format-standard","hentry","category-allgemein"],"_links":{"self":[{"href":"https:\/\/www.gruene-hoevelhof.de\/cms\/wp-json\/wp\/v2\/posts\/207","targetHints":{"allow":["GET"]}}],"collection":[{"href":"https:\/\/www.gruene-hoevelhof.de\/cms\/wp-json\/wp\/v2\/posts"}],"about":[{"href":"https:\/\/www.gruene-hoevelhof.de\/cms\/wp-json\/wp\/v2\/types\/post"}],"author":[{"embeddable":true,"href":"https:\/\/www.gruene-hoevelhof.de\/cms\/wp-json\/wp\/v2\/users\/4"}],"replies":[{"embeddable":true,"href":"https:\/\/www.gruene-hoevelhof.de\/cms\/wp-json\/wp\/v2\/comments?post=207"}],"version-history":[{"count":1,"href":"https:\/\/www.gruene-hoevelhof.de\/cms\/wp-json\/wp\/v2\/posts\/207\/revisions"}],"predecessor-version":[{"id":208,"href":"https:\/\/www.gruene-hoevelhof.de\/cms\/wp-json\/wp\/v2\/posts\/207\/revisions\/208"}],"wp:attachment":[{"href":"https:\/\/www.gruene-hoevelhof.de\/cms\/wp-json\/wp\/v2\/media?parent=207"}],"wp:term":[{"taxonomy":"category","embeddable":true,"href":"https:\/\/www.gruene-hoevelhof.de\/cms\/wp-json\/wp\/v2\/categories?post=207"},{"taxonomy":"post_tag","embeddable":true,"href":"https:\/\/www.gruene-hoevelhof.de\/cms\/wp-json\/wp\/v2\/tags?post=207"}],"curies":[{"name":"wp","href":"https:\/\/api.w.org\/{rel}","templated":true}]}}