{"id":1723,"date":"2025-06-12T20:01:47","date_gmt":"2025-06-12T18:01:47","guid":{"rendered":"https:\/\/www.gruene-hoevelhof.de\/cms\/?p=1723"},"modified":"2025-06-12T20:16:44","modified_gmt":"2025-06-12T18:16:44","slug":"oliver-kaluza-tritt-als-buergermeisterkandidat-fuer-buendnis-90-die-gruenen-in-hoevelhof-an","status":"publish","type":"post","link":"https:\/\/www.gruene-hoevelhof.de\/cms\/oliver-kaluza-tritt-als-buergermeisterkandidat-fuer-buendnis-90-die-gruenen-in-hoevelhof-an\/","title":{"rendered":"Oliver\u00a0Kaluza\u00a0tritt\u00a0als B\u00fcrgermeisterkandidat\u00a0in H\u00f6velhof an"},"content":{"rendered":"\n<p class=\"has-text-align-left\"><\/p>\n\n\n\n<p>Der Ortsverband von B\u00fcndnis 90\/DIE GR\u00dcNEN in H\u00f6velhof hat in seiner Mitgliederversammlung Oliver Kaluza einstimmig als Kandidaten f\u00fcr die B\u00fcrgermeisterwahl in H\u00f6velhof nominiert. Kaluza, 56 Jahre alt, ist seit fast f\u00fcnf Jahren im Gemeinderat, dort Fraktionsvorsitzender der GR\u00dcNEN und leitet auch den Ausschuss f\u00fcr Bildung und Jugend. Mit seiner Kandidatur erweitert sich das Bewerberfeld f\u00fcr das B\u00fcrgermeisteramt, in dem bereits Kandidaten von CDU, FDP und DIE LINKE vertreten sind. Der verheiratete Vater von zwei Kindern arbeitet hauptberuflich als Softwareentwickler und m\u00f6chte seine fachliche Expertise sowie seine kommunalpolitische Erfahrung in das Amt des B\u00fcrgermeisters einbringen.<br><br>&#8222;H\u00f6velhof braucht einen zukunftsorientierten Wandel, der \u00f6kologische Nachhaltigkeit mit sozialer Gerechtigkeit verbindet&#8220;, erkl\u00e4rt Kaluza anl\u00e4sslich seiner Nominierung. &#8222;Ich setze mich f\u00fcr eine Gemeinde ein, in der alle Menschen gut und bezahlbar wohnen k\u00f6nnen, in der wir klimafreundlich mobil sind und in der wir nachhaltige Wirtschaftszweige f\u00f6rdern.&#8220;<br><br>Kaluza hat f\u00fcr seine Kandidatur vier zentrale Themenschwerpunkte definiert: Den Ausbau von bezahlbarem Wohnraum, insbesondere durch die F\u00f6rderung von Sozialwohnungen; die Verbesserung des \u00f6ffentlichen Nahverkehrs mit Direktverbindungen nach Paderborn; die gezielte Ansiedlung \u00f6kologisch nachhaltiger Unternehmen, unter anderem im IT-Bereich; sowie die Schaffung sicherer Radwege f\u00fcr die allt\u00e4gliche Nutzung durch die B\u00fcrgerinnen und B\u00fcrger.<br><br>&#8222;Radwege in H\u00f6velhof m\u00fcssen nicht nur f\u00fcr Touristen attraktiv sein, sondern vor allem f\u00fcr unsere Einwohnerinnen und Einwohner sicher und praktisch nutzbar sein&#8220;, betont der Kandidat. &#8222;Mobilit\u00e4t, Wohnen und Wirtschaftsf\u00f6rderung m\u00fcssen zusammen gedacht werden, um H\u00f6velhof zukunftsf\u00e4hig zu gestalten.&#8220;<br><br>Der Ortsverband von B\u00dcNDNIS 90\/DIE GR\u00dcNEN sieht in der Kandidatur von Oliver Kaluza eine wichtige Chance, die bisherige kommunalpolitische Arbeit der Fraktion auf eine neue Ebene zu heben und nachhaltige Entwicklungsimpulse f\u00fcr die Gemeinde zu setzen.<br>\u00a0<\/p>\n\n\n\n<p>\u00dcber Oliver Kaluza:<br>Oliver Kaluza (56) ist verheiratet und Vater von zwei Kindern. Er arbeitet als Softwareentwickler und ist seit 2020 Mitglied im Gemeinderat von H\u00f6velhof. Dort fungiert er als Fraktionsvorsitzender der GR\u00dcNEN und als Vorsitzender des Ausschusses f\u00fcr Jugend und Bildung. Sein kommunalpolitisches Engagement konzentriert sich auf die Themen nachhaltige Gemeindewicklung, Klimaschutz, Mobilit\u00e4t und soziale Gerechtigkeit.<\/p>\n","protected":false},"excerpt":{"rendered":"<p>Der Ortsverband von B\u00fcndnis 90\/DIE GR\u00dcNEN in H\u00f6velhof hat in seiner Mitgliederversammlung Oliver Kaluza einstimmig als Kandidaten f\u00fcr die B\u00fcrgermeisterwahl in H\u00f6velhof nominiert. Kaluza, 56 Jahre alt, ist seit fast&#8230; <\/p>\n","protected":false},"author":7,"featured_media":1724,"comment_status":"closed","ping_status":"closed","sticky":false,"template":"","format":"standard","meta":{"footnotes":""},"categories":[2,67],"tags":[],"class_list":["post-1723","post","type-post","status-publish","format-standard","has-post-thumbnail","hentry","category-pressemitteilungen","category-wahlen"],"_links":{"self":[{"href":"https:\/\/www.gruene-hoevelhof.de\/cms\/wp-json\/wp\/v2\/posts\/1723","targetHints":{"allow":["GET"]}}],"collection":[{"href":"https:\/\/www.gruene-hoevelhof.de\/cms\/wp-json\/wp\/v2\/posts"}],"about":[{"href":"https:\/\/www.gruene-hoevelhof.de\/cms\/wp-json\/wp\/v2\/types\/post"}],"author":[{"embeddable":true,"href":"https:\/\/www.gruene-hoevelhof.de\/cms\/wp-json\/wp\/v2\/users\/7"}],"replies":[{"embeddable":true,"href":"https:\/\/www.gruene-hoevelhof.de\/cms\/wp-json\/wp\/v2\/comments?post=1723"}],"version-history":[{"count":5,"href":"https:\/\/www.gruene-hoevelhof.de\/cms\/wp-json\/wp\/v2\/posts\/1723\/revisions"}],"predecessor-version":[{"id":1732,"href":"https:\/\/www.gruene-hoevelhof.de\/cms\/wp-json\/wp\/v2\/posts\/1723\/revisions\/1732"}],"wp:featuredmedia":[{"embeddable":true,"href":"https:\/\/www.gruene-hoevelhof.de\/cms\/wp-json\/wp\/v2\/media\/1724"}],"wp:attachment":[{"href":"https:\/\/www.gruene-hoevelhof.de\/cms\/wp-json\/wp\/v2\/media?parent=1723"}],"wp:term":[{"taxonomy":"category","embeddable":true,"href":"https:\/\/www.gruene-hoevelhof.de\/cms\/wp-json\/wp\/v2\/categories?post=1723"},{"taxonomy":"post_tag","embeddable":true,"href":"https:\/\/www.gruene-hoevelhof.de\/cms\/wp-json\/wp\/v2\/tags?post=1723"}],"curies":[{"name":"wp","href":"https:\/\/api.w.org\/{rel}","templated":true}]}}