{"id":1695,"date":"2025-03-11T16:34:44","date_gmt":"2025-03-11T15:34:44","guid":{"rendered":"https:\/\/www.gruene-hoevelhof.de\/cms\/?p=1695"},"modified":"2025-03-11T16:34:44","modified_gmt":"2025-03-11T15:34:44","slug":"gruene-regen-beitritt-hoevelhofs-zum-verein-neue-mobilitaet-paderborn-an","status":"publish","type":"post","link":"https:\/\/www.gruene-hoevelhof.de\/cms\/gruene-regen-beitritt-hoevelhofs-zum-verein-neue-mobilitaet-paderborn-an\/","title":{"rendered":"Gr\u00fcne regen Beitritt H\u00f6velhofs zum Verein Neue Mobilit\u00e4t Paderborn an"},"content":{"rendered":"\n<p class=\"wp-block-paragraph\">Die Ratsfraktion von B\u00fcndnis 90\/Die Gr\u00fcnen in H\u00f6velhof hat in der j\u00fcngsten Ratssitzung den Vorschlag unterbreitet, dass die Gemeinde dem Verein Neue Mobilit\u00e4t Paderborn (NeMo) beitreten solle. Der Verein, der bereits ca. 70 Netzwerkpartner umfasst, setzt sich f\u00fcr innovative und nachhaltige Mobilit\u00e4tsl\u00f6sungen in der Region Paderborn ein.<\/p>\n\n\n\n<p class=\"wp-block-paragraph\">Um die potenziellen Vorteile einer Mitgliedschaft f\u00fcr H\u00f6velhof zu er\u00f6rtern, haben die Gr\u00fcnen angeregt, dass sich der Verein in einer kommenden Sitzung eines zust\u00e4ndigen Ausschusses vorstellt. Dies soll den Gemeindevertretern die M\u00f6glichkeit geben, sich eingehend \u00fcber die Ziele und Aktivit\u00e4ten des Vereins zu informieren.<\/p>\n\n\n\n<p class=\"wp-block-paragraph\">J\u00f6rg Schl\u00fcter, Mitglied des Rates, betont die Bedeutung dieses Schrittes: &#8222;Eine Mitgliedschaft im Verein Neue Mobilit\u00e4t Paderborn w\u00fcrde H\u00f6velhof den Zugang zu einem breiten Netzwerk von Experten und Partnern im Bereich zukunftsf\u00e4higer Mobilit\u00e4t er\u00f6ffnen. Dies k\u00f6nnte unserer Gemeinde wertvolle Impulse f\u00fcr die Gestaltung eines nachhaltigen und effizienten Verkehrssystems liefern.&#8220;<\/p>\n\n\n\n<p class=\"wp-block-paragraph\">Der Verein NeMo Paderborn vernetzt Akteure aus Wirtschaft, Wissenschaft und \u00f6ffentlicher Verwaltung, um gemeinsam innovative Mobilit\u00e4tskonzepte zu entwickeln und umzusetzen. Zu den Schwerpunkten geh\u00f6ren unter anderem die F\u00f6rderung von Elektromobilit\u00e4t, die Optimierung des \u00f6ffentlichen Nahverkehrs und die Entwicklung intelligenter Verkehrssysteme.<\/p>\n\n\n\n<p class=\"wp-block-paragraph\">Die Gr\u00fcnen sehen in einem m\u00f6glichen Beitritt H\u00f6velhofs zum Verein NeMo Paderborn eine Chance, die Gemeinde aktiv an der Gestaltung der Mobilit\u00e4t der Zukunft zu beteiligen und von den Erfahrungen anderer Kommunen und Organisationen zu profitieren.<\/p>\n","protected":false},"excerpt":{"rendered":"<p>Die Ratsfraktion von B\u00fcndnis 90\/Die Gr\u00fcnen in H\u00f6velhof hat in der j\u00fcngsten Ratssitzung den Vorschlag unterbreitet, dass die Gemeinde dem Verein Neue Mobilit\u00e4t Paderborn (NeMo) beitreten solle. Der Verein, der&#8230; <\/p>\n","protected":false},"author":7,"featured_media":963,"comment_status":"closed","ping_status":"closed","sticky":false,"template":"","format":"standard","meta":{"footnotes":""},"categories":[13,63],"tags":[],"class_list":["post-1695","post","type-post","status-publish","format-standard","has-post-thumbnail","hentry","category-antraege-im-rat","category-verkehr"],"_links":{"self":[{"href":"https:\/\/www.gruene-hoevelhof.de\/cms\/wp-json\/wp\/v2\/posts\/1695","targetHints":{"allow":["GET"]}}],"collection":[{"href":"https:\/\/www.gruene-hoevelhof.de\/cms\/wp-json\/wp\/v2\/posts"}],"about":[{"href":"https:\/\/www.gruene-hoevelhof.de\/cms\/wp-json\/wp\/v2\/types\/post"}],"author":[{"embeddable":true,"href":"https:\/\/www.gruene-hoevelhof.de\/cms\/wp-json\/wp\/v2\/users\/7"}],"replies":[{"embeddable":true,"href":"https:\/\/www.gruene-hoevelhof.de\/cms\/wp-json\/wp\/v2\/comments?post=1695"}],"version-history":[{"count":1,"href":"https:\/\/www.gruene-hoevelhof.de\/cms\/wp-json\/wp\/v2\/posts\/1695\/revisions"}],"predecessor-version":[{"id":1696,"href":"https:\/\/www.gruene-hoevelhof.de\/cms\/wp-json\/wp\/v2\/posts\/1695\/revisions\/1696"}],"wp:featuredmedia":[{"embeddable":true,"href":"https:\/\/www.gruene-hoevelhof.de\/cms\/wp-json\/wp\/v2\/media\/963"}],"wp:attachment":[{"href":"https:\/\/www.gruene-hoevelhof.de\/cms\/wp-json\/wp\/v2\/media?parent=1695"}],"wp:term":[{"taxonomy":"category","embeddable":true,"href":"https:\/\/www.gruene-hoevelhof.de\/cms\/wp-json\/wp\/v2\/categories?post=1695"},{"taxonomy":"post_tag","embeddable":true,"href":"https:\/\/www.gruene-hoevelhof.de\/cms\/wp-json\/wp\/v2\/tags?post=1695"}],"curies":[{"name":"wp","href":"https:\/\/api.w.org\/{rel}","templated":true}]}}