{"id":1035,"date":"2019-11-25T18:28:56","date_gmt":"2019-11-25T17:28:56","guid":{"rendered":"https:\/\/www.gruene-hoevelhof.de\/cms\/?p=1035"},"modified":"2020-01-17T08:07:57","modified_gmt":"2020-01-17T07:07:57","slug":"hoevelhof-bekommt-ein-integriertes-klimaschutzkonzept","status":"publish","type":"post","link":"https:\/\/www.gruene-hoevelhof.de\/cms\/hoevelhof-bekommt-ein-integriertes-klimaschutzkonzept\/","title":{"rendered":"H\u00f6velhof bekommt ein integriertes Klimaschutzkonzept"},"content":{"rendered":"<p>Gr\u00fcne und CDU legen gemeinsamen Antrag vor<\/p>\n<p>Klimaschutz ist in aller Munde. Auch in H\u00f6velhof. Nachdem im letzten Winter beschlossen wurde, ein vorhandenes Klimaschutzkonzept f\u00fcr die gemeindeeigenen Geb\u00e4ude und die Stra\u00dfenbeleuchtung zu \u00fcberarbeiten, soll nun ein vollst\u00e4ndiges Konzept unter Ber\u00fccksichtigung aller klimarelevanten Bereiche, wie zum Beispiel Verkehr, Gewerbe und Industrie und privater Haushalte etc. erstellt werden.<!--more--><\/p>\n<p>Einen entsprechenden Antrag legen nun die beiden Fraktionen von Gr\u00fcnen und CDU vor, der in der kommenden Ratssitzung beraten wird.<br \/>\nJ\u00f6rn Achtelik, Fraktionsvorsitzender der Gr\u00fcnen erkl\u00e4rt: \u201eEs ist wichtig, dass eine gute Bestandsaufnahme durchgef\u00fchrt wird, damit dann unter Beteiligung der H\u00f6velhofer B\u00fcrgerinnen und B\u00fcrger ein Ma\u00dfnahmenkatalog entwickelt werden kann, wie der CO2-Aussto\u00df in unserer Gemeinde reduziert werden soll.\u201c<br \/>\nDer Fraktionsvorsitzende der CDU, Udo Neisens erkl\u00e4rt deren Motivation so: \u201eNachdem in diesem Sommer vom Gemeinderat beschlossen wurde, in H\u00f6velhof eine Klimakommission zu berufen, ist nun der richtige Zeitpunkt gekommen, um diese arbeitsintensive Ma\u00dfnahme anzugehen. Die Klimakommission wird mit dem zu beauftragenden B\u00fcro eng zusammenarbeiten und die H\u00f6velhofer Gegebenheiten entsprechend ber\u00fccksichtigen k\u00f6nnen.\u201c<br \/>\nBleibt die Frage, wie es dazu kommen konnte, dass die beiden Parteien hier gemeinsam agieren. Dazu erkl\u00e4ren Tobias Steinr\u00fccke und J\u00f6rg Schl\u00fcter, die Ihre jeweiligen Fraktionen im Umweltausschuss vertreten, am\u00fcsiert: \u201eMiteinander reden hilft h\u00e4ufig! Und wir sind sicher, dass wir zwischen der Vorstellung der Grunddaten und der Verabschiedung des Konzepts gen\u00fcgend M\u00f6glichkeiten f\u00fcr konstruktiven Streit haben werden!\u201c<\/p>\n","protected":false},"excerpt":{"rendered":"<p>Gr\u00fcne und CDU legen gemeinsamen Antrag vor Klimaschutz ist in aller Munde. Auch in H\u00f6velhof. Nachdem im letzten Winter beschlossen wurde, ein vorhandenes Klimaschutzkonzept f\u00fcr die gemeindeeigenen Geb\u00e4ude und die&#8230; <\/p>\n","protected":false},"author":3,"featured_media":1019,"comment_status":"closed","ping_status":"closed","sticky":false,"template":"","format":"standard","meta":{"footnotes":""},"categories":[13,58,57],"tags":[],"class_list":["post-1035","post","type-post","status-publish","format-standard","has-post-thumbnail","hentry","category-antraege-im-rat","category-energie","category-umwelt"],"_links":{"self":[{"href":"https:\/\/www.gruene-hoevelhof.de\/cms\/wp-json\/wp\/v2\/posts\/1035","targetHints":{"allow":["GET"]}}],"collection":[{"href":"https:\/\/www.gruene-hoevelhof.de\/cms\/wp-json\/wp\/v2\/posts"}],"about":[{"href":"https:\/\/www.gruene-hoevelhof.de\/cms\/wp-json\/wp\/v2\/types\/post"}],"author":[{"embeddable":true,"href":"https:\/\/www.gruene-hoevelhof.de\/cms\/wp-json\/wp\/v2\/users\/3"}],"replies":[{"embeddable":true,"href":"https:\/\/www.gruene-hoevelhof.de\/cms\/wp-json\/wp\/v2\/comments?post=1035"}],"version-history":[{"count":4,"href":"https:\/\/www.gruene-hoevelhof.de\/cms\/wp-json\/wp\/v2\/posts\/1035\/revisions"}],"predecessor-version":[{"id":1123,"href":"https:\/\/www.gruene-hoevelhof.de\/cms\/wp-json\/wp\/v2\/posts\/1035\/revisions\/1123"}],"wp:featuredmedia":[{"embeddable":true,"href":"https:\/\/www.gruene-hoevelhof.de\/cms\/wp-json\/wp\/v2\/media\/1019"}],"wp:attachment":[{"href":"https:\/\/www.gruene-hoevelhof.de\/cms\/wp-json\/wp\/v2\/media?parent=1035"}],"wp:term":[{"taxonomy":"category","embeddable":true,"href":"https:\/\/www.gruene-hoevelhof.de\/cms\/wp-json\/wp\/v2\/categories?post=1035"},{"taxonomy":"post_tag","embeddable":true,"href":"https:\/\/www.gruene-hoevelhof.de\/cms\/wp-json\/wp\/v2\/tags?post=1035"}],"curies":[{"name":"wp","href":"https:\/\/api.w.org\/{rel}","templated":true}]}}